{"id":23954,"date":"2022-09-23T13:28:34","date_gmt":"2022-09-23T13:28:34","guid":{"rendered":"https:\/\/globopadel.pt\/?p=23954"},"modified":"2022-09-23T13:30:12","modified_gmt":"2022-09-23T13:30:12","slug":"pedro-perry-assina-com-a-globo-padel","status":"publish","type":"post","link":"https:\/\/globopadel.pt\/en\/2022\/09\/23\/pedro-perry-assina-com-a-globo-padel\/","title":{"rendered":"Pedro Perry assina com a Globo Padel"},"content":{"rendered":"<p>A Globo Padel junta \u00e0 sua equipa, o jovem Pedro Perry. <\/p>\n\n\n\n<p>Nascido no Porto, tem sido uma das mais jovens promessas no desporto que tanto gostamos. <\/p>\n\n\n\n<p>Treina no clube Capital Padel Academy desde Janeiro 2021. Clube que lhe d\u00e1 todas as condi\u00e7\u00f5es para a sua actividade profissional. <\/p>\n\n\n\n<p>Actual n\u00famero #5 no ranking da Federa\u00e7\u00e3o Portuguesa de Padel, vemos nele uma aposta de futuro, para representar a Globo Padel. <\/p>\n\n\n\n<p>Bem vindo, Pedro! <\/p>\n\n\n\n<p><\/p>","protected":false},"excerpt":{"rendered":"<p>A Globo Padel junta \u00e0 sua equipa, o jovem Pedro Perry. Nascido no Porto, tem sido uma das mais jovens promessas no desporto que tanto gostamos. Treina no clube Capital Padel Academy desde Janeiro 2021. Clube que lhe d\u00e1 todas as condi\u00e7\u00f5es para a sua actividade profissional. Actual n\u00famero #5<a class=\"moretag\" href=\"https:\/\/globopadel.pt\/en\/2022\/09\/23\/pedro-perry-assina-com-a-globo-padel\/\"> Read more<\/a><\/p>","protected":false},"author":2,"featured_media":23959,"comment_status":"open","ping_status":"open","sticky":false,"template":"","format":"standard","meta":{"footnotes":""},"categories":[23],"tags":[],"class_list":["post-23954","post","type-post","status-publish","format-standard","has-post-thumbnail","hentry","category-noticias"],"_links":{"self":[{"href":"https:\/\/globopadel.pt\/en\/wp-json\/wp\/v2\/posts\/23954","targetHints":{"allow":["GET"]}}],"collection":[{"href":"https:\/\/globopadel.pt\/en\/wp-json\/wp\/v2\/posts"}],"about":[{"href":"https:\/\/globopadel.pt\/en\/wp-json\/wp\/v2\/types\/post"}],"author":[{"embeddable":true,"href":"https:\/\/globopadel.pt\/en\/wp-json\/wp\/v2\/users\/2"}],"replies":[{"embeddable":true,"href":"https:\/\/globopadel.pt\/en\/wp-json\/wp\/v2\/comments?post=23954"}],"version-history":[{"count":1,"href":"https:\/\/globopadel.pt\/en\/wp-json\/wp\/v2\/posts\/23954\/revisions"}],"predecessor-version":[{"id":23957,"href":"https:\/\/globopadel.pt\/en\/wp-json\/wp\/v2\/posts\/23954\/revisions\/23957"}],"wp:featuredmedia":[{"embeddable":true,"href":"https:\/\/globopadel.pt\/en\/wp-json\/wp\/v2\/media\/23959"}],"wp:attachment":[{"href":"https:\/\/globopadel.pt\/en\/wp-json\/wp\/v2\/media?parent=23954"}],"wp:term":[{"taxonomy":"category","embeddable":true,"href":"https:\/\/globopadel.pt\/en\/wp-json\/wp\/v2\/categories?post=23954"},{"taxonomy":"post_tag","embeddable":true,"href":"https:\/\/globopadel.pt\/en\/wp-json\/wp\/v2\/tags?post=23954"}],"curies":[{"name":"wp","href":"https:\/\/api.w.org\/{rel}","templated":true}]}}