{"id":23927,"date":"2022-08-19T11:42:40","date_gmt":"2022-08-19T11:42:40","guid":{"rendered":"https:\/\/globopadel.pt\/?p=23927"},"modified":"2022-08-23T20:53:14","modified_gmt":"2022-08-23T20:53:14","slug":"globo-padel-assina-com-a-jovem-promessa-maria-garin","status":"publish","type":"post","link":"https:\/\/globopadel.pt\/en\/2022\/08\/19\/globo-padel-assina-com-a-jovem-promessa-maria-garin\/","title":{"rendered":"Globo Padel assina com a jovem  promessa Maria Garin"},"content":{"rendered":"\n<p>A Globo Padel passa a ter na sua equipa Maria Garin. Aos 20 anos, a atleta, que treina no clube Capital Padel Academy, destaca-se pela sua qualidade t\u00e9cnica em campo e pelo empenho que tem demonstrado nesta modalidade. <\/p>\n\n\n\n<p>\u00c9 com muito orgulho e entusiasmo que a Globo Padel lhe d\u00e1 as boas vindas.<\/p>\n\n\n\n<p> <\/p>\n\n\n\n<div class=\"wp-block-columns is-layout-flex wp-container-core-columns-is-layout-9d6595d7 wp-block-columns-is-layout-flex\">\n<div class=\"wp-block-column is-layout-flow wp-block-column-is-layout-flow\" style=\"flex-basis:100%\">\n<div id=\"wp-block-themeisle-blocks-slider-a6fff9b1\" class=\"wp-block-themeisle-blocks-slider alignfull glide\" data-per-view=\"1\" data-gap=\"0\" data-peek=\"0\" data-autoplay=\"true\" data-height=\"792px\" data-hide-arrows=\"false\"><div class=\"glide__track\" data-glide-el=\"track\"><div class=\"glide__slides\"><div class=\"wp-block-themeisle-blocks-slider-item-wrapper glide__slide\" tabindex=\"0\"><figure><img data-opt-id=265938315  fetchpriority=\"high\" decoding=\"async\" class=\"wp-block-themeisle-blocks-slider-item\" src=\"https:\/\/ml2xyr7vkcrh.i.optimole.com\/w:auto\/h:auto\/q:mauto\/f:best\/https:\/\/globopadel.pt\/wp-content\/uploads\/2022\/08\/WhatsApp-Image-2022-08-19-at-12.50.48-1-1.jpeg\" alt=\"\" title=\"\" data-id=\"23932\"\/><\/figure><\/div><div class=\"wp-block-themeisle-blocks-slider-item-wrapper glide__slide\" tabindex=\"0\"><figure><img data-opt-id=2096413831  fetchpriority=\"high\" decoding=\"async\" class=\"wp-block-themeisle-blocks-slider-item\" src=\"https:\/\/ml2xyr7vkcrh.i.optimole.com\/w:auto\/h:auto\/q:mauto\/f:best\/https:\/\/globopadel.pt\/wp-content\/uploads\/2022\/08\/WhatsApp-Image-2022-08-19-at-12.50.48-2-1.jpeg\" alt=\"\" title=\"\" data-id=\"23934\"\/><\/figure><\/div><div class=\"wp-block-themeisle-blocks-slider-item-wrapper glide__slide\" tabindex=\"0\"><figure><img data-opt-id=2011722974  fetchpriority=\"high\" decoding=\"async\" class=\"wp-block-themeisle-blocks-slider-item\" src=\"https:\/\/ml2xyr7vkcrh.i.optimole.com\/w:auto\/h:auto\/q:mauto\/f:best\/https:\/\/globopadel.pt\/wp-content\/uploads\/2022\/08\/WhatsApp-Image-2022-08-19-at-12.50.48-3-1.jpeg\" alt=\"\" title=\"\" data-id=\"23937\"\/><\/figure><\/div><div class=\"wp-block-themeisle-blocks-slider-item-wrapper glide__slide\" tabindex=\"0\"><figure><img data-opt-id=1762924369  data-opt-src=\"https:\/\/ml2xyr7vkcrh.i.optimole.com\/w:auto\/h:auto\/q:mauto\/f:best\/https:\/\/globopadel.pt\/wp-content\/uploads\/2022\/08\/WhatsApp-Image-2022-08-19-at-12.50.48-4.jpeg\"  decoding=\"async\" class=\"wp-block-themeisle-blocks-slider-item\" src=\"data:image/svg+xml,%3Csvg%20viewBox%3D%220%200%20100%%20100%%22%20width%3D%22100%%22%20height%3D%22100%%22%20xmlns%3D%22http%3A%2F%2Fwww.w3.org%2F2000%2Fsvg%22%3E%3Crect%20width%3D%22100%%22%20height%3D%22100%%22%20fill%3D%22transparent%22%2F%3E%3C%2Fsvg%3E\" alt=\"\" title=\"\" data-id=\"23938\"\/><\/figure><\/div><\/div><div class=\"glide__bullets\" data-glide-el=\"controls[nav]\"><button class=\"glide__bullet\" data-glide-dir=\"=0\"><\/button><button class=\"glide__bullet\" data-glide-dir=\"=1\"><\/button><button class=\"glide__bullet\" data-glide-dir=\"=2\"><\/button><button class=\"glide__bullet\" data-glide-dir=\"=3\"><\/button><\/div><\/div><\/div>\n<\/div>\n<\/div>\n","protected":false},"excerpt":{"rendered":"<p>A Globo Padel passa a ter na sua equipa Maria Garin. Aos 20 anos, a atleta, que treina no clube Capital Padel Academy, destaca-se pela sua qualidade t\u00e9cnica em campo e pelo empenho que tem demonstrado nesta modalidade. \u00c9 com muito orgulho e entusiasmo que a Globo Padel lhe d\u00e1<a class=\"moretag\" href=\"https:\/\/globopadel.pt\/en\/2022\/08\/19\/globo-padel-assina-com-a-jovem-promessa-maria-garin\/\"> Read more<\/a><\/p>","protected":false},"author":2,"featured_media":23929,"comment_status":"closed","ping_status":"closed","sticky":false,"template":"","format":"standard","meta":{"footnotes":""},"categories":[23],"tags":[],"class_list":["post-23927","post","type-post","status-publish","format-standard","has-post-thumbnail","hentry","category-noticias"],"_links":{"self":[{"href":"https:\/\/globopadel.pt\/en\/wp-json\/wp\/v2\/posts\/23927","targetHints":{"allow":["GET"]}}],"collection":[{"href":"https:\/\/globopadel.pt\/en\/wp-json\/wp\/v2\/posts"}],"about":[{"href":"https:\/\/globopadel.pt\/en\/wp-json\/wp\/v2\/types\/post"}],"author":[{"embeddable":true,"href":"https:\/\/globopadel.pt\/en\/wp-json\/wp\/v2\/users\/2"}],"replies":[{"embeddable":true,"href":"https:\/\/globopadel.pt\/en\/wp-json\/wp\/v2\/comments?post=23927"}],"version-history":[{"count":3,"href":"https:\/\/globopadel.pt\/en\/wp-json\/wp\/v2\/posts\/23927\/revisions"}],"predecessor-version":[{"id":23940,"href":"https:\/\/globopadel.pt\/en\/wp-json\/wp\/v2\/posts\/23927\/revisions\/23940"}],"wp:featuredmedia":[{"embeddable":true,"href":"https:\/\/globopadel.pt\/en\/wp-json\/wp\/v2\/media\/23929"}],"wp:attachment":[{"href":"https:\/\/globopadel.pt\/en\/wp-json\/wp\/v2\/media?parent=23927"}],"wp:term":[{"taxonomy":"category","embeddable":true,"href":"https:\/\/globopadel.pt\/en\/wp-json\/wp\/v2\/categories?post=23927"},{"taxonomy":"post_tag","embeddable":true,"href":"https:\/\/globopadel.pt\/en\/wp-json\/wp\/v2\/tags?post=23927"}],"curies":[{"name":"wp","href":"https:\/\/api.w.org\/{rel}","templated":true}]}}